{"id":2468,"date":"2024-04-02T09:54:16","date_gmt":"2024-04-02T14:54:16","guid":{"rendered":"https:\/\/www.valorar.com\/?p=2468"},"modified":"2024-04-02T09:54:16","modified_gmt":"2024-04-02T14:54:16","slug":"nueva-presidencia-valorar-s-a","status":"publish","type":"post","link":"https:\/\/valorar.com\/index.php\/nueva-presidencia-valorar-s-a\/","title":{"rendered":"Nueva Presidencia Valorar S.A"},"content":{"rendered":"<p>Nos complace informar que a partir del pasado 13 de marzo de 2024, el se\u00f1or Juan Camilo Quintero Medina<br \/>\nasumi\u00f3 la Presidencia de VALORAR, por designaci\u00f3n de la Junta Directiva. Juan Camilo es Administrador<br \/>\nde Empresas con \u00e9nfasis en Agro de la Universidad de La Salle, especialista en Prospectiva Estrat\u00e9gica,<br \/>\nNegocios Internacionales y Formulaci\u00f3n y Evaluaci\u00f3n de Proyectos.<\/p>\n<p>Juan Camilo, con m\u00e1s de 20 a\u00f1os de experiencia y destacada trayectoria profesional en \u00e1reas gerenciales,<br \/>\nde innovaci\u00f3n y emprendimiento, tanto en el sector p\u00fablico, privado y gremial, fortalecer\u00e1 y dirigir\u00e1 con<br \/>\n\u00e9xito nuestra empresa hacia los retos que hoy nos impone el mercado, al demostrar su capacidad para<br \/>\nliderar equipos de alto desempe\u00f1o, hacia el logro de prop\u00f3sitos superiores.<\/p>\n<p>Estamos seguros de que, bajo esta nueva direcci\u00f3n, VALORAR continuar\u00e1 siendo un referente en el sector,<br \/>\nmanteniendo nuestros est\u00e1ndares de calidad, el servicio al cliente, y la generaci\u00f3n de valor.<\/p>\n","protected":false},"excerpt":{"rendered":"<p>Nos complace informar que a partir del pasado 13 de marzo de 2024, el se\u00f1or Juan Camilo Quintero Medina asumi\u00f3 la Presidencia de VALORAR, por designaci\u00f3n de la Junta Directiva. Juan Camilo es Administrador de Empresas con \u00e9nfasis en Agro de la Universidad de La Salle, especialista en Prospectiva Estrat\u00e9gica, Negocios Internacionales y Formulaci\u00f3n y [&hellip;]<\/p>\n","protected":false},"author":1,"featured_media":2465,"comment_status":"open","ping_status":"open","sticky":false,"template":"","format":"standard","meta":{"content-type":"","inline_featured_image":false,"_joinchat":[],"footnotes":""},"categories":[1],"tags":[],"class_list":["post-2468","post","type-post","status-publish","format-standard","has-post-thumbnail","hentry","category-sin-categoria"],"_links":{"self":[{"href":"https:\/\/valorar.com\/index.php\/wp-json\/wp\/v2\/posts\/2468","targetHints":{"allow":["GET"]}}],"collection":[{"href":"https:\/\/valorar.com\/index.php\/wp-json\/wp\/v2\/posts"}],"about":[{"href":"https:\/\/valorar.com\/index.php\/wp-json\/wp\/v2\/types\/post"}],"author":[{"embeddable":true,"href":"https:\/\/valorar.com\/index.php\/wp-json\/wp\/v2\/users\/1"}],"replies":[{"embeddable":true,"href":"https:\/\/valorar.com\/index.php\/wp-json\/wp\/v2\/comments?post=2468"}],"version-history":[{"count":0,"href":"https:\/\/valorar.com\/index.php\/wp-json\/wp\/v2\/posts\/2468\/revisions"}],"wp:featuredmedia":[{"embeddable":true,"href":"https:\/\/valorar.com\/index.php\/wp-json\/wp\/v2\/media\/2465"}],"wp:attachment":[{"href":"https:\/\/valorar.com\/index.php\/wp-json\/wp\/v2\/media?parent=2468"}],"wp:term":[{"taxonomy":"category","embeddable":true,"href":"https:\/\/valorar.com\/index.php\/wp-json\/wp\/v2\/categories?post=2468"},{"taxonomy":"post_tag","embeddable":true,"href":"https:\/\/valorar.com\/index.php\/wp-json\/wp\/v2\/tags?post=2468"}],"curies":[{"name":"wp","href":"https:\/\/api.w.org\/{rel}","templated":true}]}}