{"id":3879,"date":"2025-09-01T11:10:58","date_gmt":"2025-09-01T16:10:58","guid":{"rendered":"https:\/\/valorar.com\/?p=3879"},"modified":"2025-09-22T08:53:09","modified_gmt":"2025-09-22T13:53:09","slug":"el-valor-de-la-tierra-en-un-departamento-lleno-de-contrastes","status":"publish","type":"post","link":"https:\/\/valorar.com\/index.php\/el-valor-de-la-tierra-en-un-departamento-lleno-de-contrastes\/","title":{"rendered":"El valor de la tierra en un departamento lleno de contrastes"},"content":{"rendered":"<p><span style=\"font-weight: 400;\">Antioquia es un territorio diverso: desde la vida urbana de Medell\u00edn hasta las zonas rurales de Urab\u00e1 o el oriente antioque\u00f1o. Esa diversidad hace que los <\/span><b>aval\u00faos en Antioquia<\/b><span style=\"font-weight: 400;\"> sean muy diferentes seg\u00fan la ubicaci\u00f3n del inmueble.<\/span><\/p>\n<h2><b>\u00bfQu\u00e9 se analiza en un aval\u00fao en la regi\u00f3n?<\/b><\/h2>\n<ul>\n<li style=\"font-weight: 400;\" aria-level=\"1\"><span style=\"font-weight: 400;\">En las ciudades: la cercan\u00eda a transporte, comercio y proyectos urban\u00edsticos.<\/span><\/li>\n<li style=\"font-weight: 400;\" aria-level=\"1\"><span style=\"font-weight: 400;\">En el campo: la vocaci\u00f3n productiva del terreno, la calidad del suelo y la infraestructura cercana.<\/span><\/li>\n<li style=\"font-weight: 400;\" aria-level=\"1\"><span style=\"font-weight: 400;\">En municipios intermedios: el potencial de valorizaci\u00f3n seg\u00fan planes de desarrollo local.<\/span><\/li>\n<\/ul>\n<h2><b>\u00bfPor qu\u00e9 es clave solicitar un aval\u00fao en Antioquia?<\/b><\/h2>\n<p><span style=\"font-weight: 400;\">Porque cada zona tiene din\u00e1micas propias. No es lo mismo un lote en Rionegro, con alta demanda por el aeropuerto y proyectos residenciales, que una finca en el Suroeste enfocada en producci\u00f3n agr\u00edcola.<\/span><\/p>\n<h2><b>En conclusi\u00f3n<\/b><\/h2>\n<p><span style=\"font-weight: 400;\">Un <\/span><b>aval\u00fao en Antioquia<\/b><span style=\"font-weight: 400;\"> es m\u00e1s que un tr\u00e1mite: es la manera de entender c\u00f3mo las particularidades del territorio afectan el valor de tu propiedad. Ya sea en la ciudad o en el campo, contar con informaci\u00f3n precisa te permite tomar decisiones m\u00e1s seguras.<\/span><\/p>\n<p>&nbsp;<\/p>\n","protected":false},"excerpt":{"rendered":"<p>Antioquia es un territorio diverso: desde la vida urbana de Medell\u00edn hasta las zonas rurales de Urab\u00e1 o el oriente antioque\u00f1o. Esa diversidad hace que los aval\u00faos en Antioquia sean muy diferentes seg\u00fan la ubicaci\u00f3n del inmueble. \u00bfQu\u00e9 se analiza en un aval\u00fao en la regi\u00f3n? En las ciudades: la cercan\u00eda a transporte, comercio y [&hellip;]<\/p>\n","protected":false},"author":16,"featured_media":3880,"comment_status":"closed","ping_status":"open","sticky":false,"template":"","format":"standard","meta":{"content-type":"","inline_featured_image":false,"_joinchat":[],"footnotes":""},"categories":[44],"tags":[],"class_list":["post-3879","post","type-post","status-publish","format-standard","has-post-thumbnail","hentry","category-avaluos-puntuales"],"_links":{"self":[{"href":"https:\/\/valorar.com\/index.php\/wp-json\/wp\/v2\/posts\/3879","targetHints":{"allow":["GET"]}}],"collection":[{"href":"https:\/\/valorar.com\/index.php\/wp-json\/wp\/v2\/posts"}],"about":[{"href":"https:\/\/valorar.com\/index.php\/wp-json\/wp\/v2\/types\/post"}],"author":[{"embeddable":true,"href":"https:\/\/valorar.com\/index.php\/wp-json\/wp\/v2\/users\/16"}],"replies":[{"embeddable":true,"href":"https:\/\/valorar.com\/index.php\/wp-json\/wp\/v2\/comments?post=3879"}],"version-history":[{"count":3,"href":"https:\/\/valorar.com\/index.php\/wp-json\/wp\/v2\/posts\/3879\/revisions"}],"predecessor-version":[{"id":3884,"href":"https:\/\/valorar.com\/index.php\/wp-json\/wp\/v2\/posts\/3879\/revisions\/3884"}],"wp:featuredmedia":[{"embeddable":true,"href":"https:\/\/valorar.com\/index.php\/wp-json\/wp\/v2\/media\/3880"}],"wp:attachment":[{"href":"https:\/\/valorar.com\/index.php\/wp-json\/wp\/v2\/media?parent=3879"}],"wp:term":[{"taxonomy":"category","embeddable":true,"href":"https:\/\/valorar.com\/index.php\/wp-json\/wp\/v2\/categories?post=3879"},{"taxonomy":"post_tag","embeddable":true,"href":"https:\/\/valorar.com\/index.php\/wp-json\/wp\/v2\/tags?post=3879"}],"curies":[{"name":"wp","href":"https:\/\/api.w.org\/{rel}","templated":true}]}}