{"id":527,"date":"2022-03-24T20:28:48","date_gmt":"2022-03-24T20:28:48","guid":{"rendered":"https:\/\/www.valorar.com\/?p=527"},"modified":"2022-03-24T20:28:48","modified_gmt":"2022-03-24T20:28:48","slug":"los-malestares-que-dejo-en-el-sector-constructor-la-caida-del-pot","status":"publish","type":"post","link":"https:\/\/valorar.com\/index.php\/los-malestares-que-dejo-en-el-sector-constructor-la-caida-del-pot\/","title":{"rendered":"Los malestares que dej\u00f3 en el sector constructor la ca\u00edda del POT"},"content":{"rendered":"<p>Debido a que el proyecto de Plan de Ordenamiento Territorial propuesto por la administraci\u00f3n de Pe\u00f1alosa se hundi\u00f3 el pasado 2 de noviembre, se han manifestado diferentes opiniones de preocupaci\u00f3n por parte de algunos entes que conforman el sector construcci\u00f3n de la ciudad.<\/p>\n<p>Seg\u00fan la c\u00e1mara de construcci\u00f3n colombiana (Camacol), la ciudad se encuentra en una posici\u00f3n desfavorable al dejar de lado la oportunidad de contar con un desarrollo ordenado en los pr\u00f3ximos doce a\u00f1os. Sin embargo, Andr\u00e9s Arango Sarmiento, presidente de la junta directiva, propone seguir trabajando en la construcci\u00f3n de una ciudad de calidad y aport\u00e1ndole soluciones a las necesidades habitacionales de los bogotanos, as\u00ed como al crecimiento econ\u00f3mico y a la generaci\u00f3n de empleo.<\/p>\n<p>Por otro lado, tambi\u00e9n se menciona la inseguridad jur\u00eddica que podr\u00eda surgir afectando no solo la generaci\u00f3n de proyectos, sino que tambi\u00e9n el desarrollo de los que ya se ven\u00edan ejecutando, afirma Luis Aurelio Diaz, gerente general del grupo Oikos. Finalmente agrega Alejandro Casta\u00f1eda, gerente de la ACCI, que es una l\u00e1stima el trabajo perdido en estos cuatro a\u00f1os y se\u00f1ala que actualmente no hay continuidad en nada, tanto en el proyecto del metro subterr\u00e1neo que se propon\u00eda en la administraci\u00f3n de Pe\u00f1alosa como el Transmilenio por la 68 y por la s\u00e9ptima en manos de Claudia L\u00f3pez.<\/p>\n","protected":false},"excerpt":{"rendered":"<p>Debido a que el proyecto de Plan de Ordenamiento Territorial propuesto por la administraci\u00f3n de Pe\u00f1alosa se hundi\u00f3 el pasado 2 de noviembre, se han manifestado diferentes opiniones de preocupaci\u00f3n por parte de algunos entes que conforman el sector construcci\u00f3n de la ciudad. Seg\u00fan la c\u00e1mara de construcci\u00f3n colombiana (Camacol), la ciudad se encuentra en [&hellip;]<\/p>\n","protected":false},"author":1,"featured_media":528,"comment_status":"closed","ping_status":"closed","sticky":false,"template":"","format":"standard","meta":{"content-type":"","inline_featured_image":false,"_joinchat":[],"footnotes":""},"categories":[1],"tags":[],"class_list":["post-527","post","type-post","status-publish","format-standard","has-post-thumbnail","hentry","category-sin-categoria"],"_links":{"self":[{"href":"https:\/\/valorar.com\/index.php\/wp-json\/wp\/v2\/posts\/527","targetHints":{"allow":["GET"]}}],"collection":[{"href":"https:\/\/valorar.com\/index.php\/wp-json\/wp\/v2\/posts"}],"about":[{"href":"https:\/\/valorar.com\/index.php\/wp-json\/wp\/v2\/types\/post"}],"author":[{"embeddable":true,"href":"https:\/\/valorar.com\/index.php\/wp-json\/wp\/v2\/users\/1"}],"replies":[{"embeddable":true,"href":"https:\/\/valorar.com\/index.php\/wp-json\/wp\/v2\/comments?post=527"}],"version-history":[{"count":0,"href":"https:\/\/valorar.com\/index.php\/wp-json\/wp\/v2\/posts\/527\/revisions"}],"wp:featuredmedia":[{"embeddable":true,"href":"https:\/\/valorar.com\/index.php\/wp-json\/wp\/v2\/media\/528"}],"wp:attachment":[{"href":"https:\/\/valorar.com\/index.php\/wp-json\/wp\/v2\/media?parent=527"}],"wp:term":[{"taxonomy":"category","embeddable":true,"href":"https:\/\/valorar.com\/index.php\/wp-json\/wp\/v2\/categories?post=527"},{"taxonomy":"post_tag","embeddable":true,"href":"https:\/\/valorar.com\/index.php\/wp-json\/wp\/v2\/tags?post=527"}],"curies":[{"name":"wp","href":"https:\/\/api.w.org\/{rel}","templated":true}]}}