{"id":533,"date":"2022-03-24T20:31:15","date_gmt":"2022-03-24T20:31:15","guid":{"rendered":"https:\/\/www.valorar.com\/?p=533"},"modified":"2022-03-24T20:31:15","modified_gmt":"2022-03-24T20:31:15","slug":"se-agota-el-espacio-para-la-construccion-de-vivienda-en-bogota","status":"publish","type":"post","link":"https:\/\/valorar.com\/index.php\/se-agota-el-espacio-para-la-construccion-de-vivienda-en-bogota\/","title":{"rendered":"Se agota el espacio para la construcci\u00f3n de vivienda en Bogot\u00e1"},"content":{"rendered":"<p>La ciudad capital alcanza su l\u00edmite de suelo disponible para la construcci\u00f3n de vivienda, pasando de 8.050 hect\u00e1reas disponibles en el a\u00f1o 2.000, a 1.334 hect\u00e1reas a la actualidad. Dichas hect\u00e1reas corresponden a terrenos perif\u00e9ricos (Suba, Usme, Bosa y Kennedy) donde se han venido construyendo macro-urbanizaciones y donde tambi\u00e9n se ten\u00edan proyectos de Planes de Ordenamiento Zonal que no se han desarrollado.<\/p>\n<p>Se debe tener en cuenta que al suelo efectivo se le excluyeron las \u00e1reas afectadas por v\u00edas y equipamientos, \u00e1reas licenciadas, etc. Adem\u00e1s, que de las hect\u00e1reas restantes, 667 corresponden a los Planes de Ordenamiento Zonal previamente mencionados.<\/p>\n<p><a href=\"https:\/\/www.eltiempo.com\/economia\/sectores\/se-agota-el-espacio-para-la-construccion-de-vivienda-en-bogota-431944\" target=\"_blank\" rel=\"noopener\">Si desea conocer m\u00e1s de esta noticia, de clic aqu\u00ed.<\/a><\/p>\n","protected":false},"excerpt":{"rendered":"<p>La ciudad capital alcanza su l\u00edmite de suelo disponible para la construcci\u00f3n de vivienda, pasando de 8.050 hect\u00e1reas disponibles en el a\u00f1o 2.000, a 1.334 hect\u00e1reas a la actualidad. Dichas hect\u00e1reas corresponden a terrenos perif\u00e9ricos (Suba, Usme, Bosa y Kennedy) donde se han venido construyendo macro-urbanizaciones y donde tambi\u00e9n se ten\u00edan proyectos de Planes de [&hellip;]<\/p>\n","protected":false},"author":1,"featured_media":534,"comment_status":"closed","ping_status":"closed","sticky":false,"template":"","format":"standard","meta":{"content-type":"","inline_featured_image":false,"_joinchat":[],"footnotes":""},"categories":[1],"tags":[],"class_list":["post-533","post","type-post","status-publish","format-standard","has-post-thumbnail","hentry","category-sin-categoria"],"_links":{"self":[{"href":"https:\/\/valorar.com\/index.php\/wp-json\/wp\/v2\/posts\/533","targetHints":{"allow":["GET"]}}],"collection":[{"href":"https:\/\/valorar.com\/index.php\/wp-json\/wp\/v2\/posts"}],"about":[{"href":"https:\/\/valorar.com\/index.php\/wp-json\/wp\/v2\/types\/post"}],"author":[{"embeddable":true,"href":"https:\/\/valorar.com\/index.php\/wp-json\/wp\/v2\/users\/1"}],"replies":[{"embeddable":true,"href":"https:\/\/valorar.com\/index.php\/wp-json\/wp\/v2\/comments?post=533"}],"version-history":[{"count":0,"href":"https:\/\/valorar.com\/index.php\/wp-json\/wp\/v2\/posts\/533\/revisions"}],"wp:featuredmedia":[{"embeddable":true,"href":"https:\/\/valorar.com\/index.php\/wp-json\/wp\/v2\/media\/534"}],"wp:attachment":[{"href":"https:\/\/valorar.com\/index.php\/wp-json\/wp\/v2\/media?parent=533"}],"wp:term":[{"taxonomy":"category","embeddable":true,"href":"https:\/\/valorar.com\/index.php\/wp-json\/wp\/v2\/categories?post=533"},{"taxonomy":"post_tag","embeddable":true,"href":"https:\/\/valorar.com\/index.php\/wp-json\/wp\/v2\/tags?post=533"}],"curies":[{"name":"wp","href":"https:\/\/api.w.org\/{rel}","templated":true}]}}